{"id":46,"date":"2008-05-05T16:58:36","date_gmt":"2008-05-05T15:58:36","guid":{"rendered":"http:\/\/www.la-saliere.com\/blog\/2008\/soupes\/veloute-de-brocoli-au-chevre-frais\/"},"modified":"2012-08-03T16:49:00","modified_gmt":"2012-08-03T14:49:00","slug":"veloute-de-brocoli-au-chevre-frais","status":"publish","type":"post","link":"http:\/\/www.la-saliere.com\/zest\/2008\/veloute-de-brocoli-au-chevre-frais\/","title":{"rendered":"Velout\u00e9 de brocoli au ch\u00e8vre frais"},"content":{"rendered":"<p>Dans la qu\u00eate incessante de recettes bonnes et \u00e9quilibr\u00e9es, j&rsquo;ai trouv\u00e9 cette de recette de soupe au brocoli et au ch\u00e8vre sur le web, que j&rsquo;ai bien s\u00fbr adapt\u00e9 \u00e0 ma fa\u00e7on. C&rsquo;est aussi une bonne recette pour faire manger des l\u00e9gumes aux enfants. C&rsquo;est un velout\u00e9 chaud, mais avec les beaux jours qui reviennent, je tenterai peut-\u00eatre l&rsquo;exp\u00e9rience d&rsquo;une version froide.<\/p>\n<div id=\"attachment_223\" style=\"width: 300px\" class=\"wp-caption aligncenter\"><a href=\"http:\/\/la-saliere.com\/zest\/2008\/soupes\/veloute-de-brocoli-au-chevre-frais\/attachment\/veloute_brocoli_chevre\/\" rel=\"attachment wp-att-223\"><img loading=\"lazy\" decoding=\"async\" aria-describedby=\"caption-attachment-223\" class=\"size-medium wp-image-223\" title=\"Velout\u00e9_Brocoli_Chevre\" src=\"http:\/\/la-saliere.com\/zest\/wp-content\/uploads\/2008\/05\/Velout\u00e9_Brocoli_Chevre-300x178.jpg\" alt=\"\" width=\"300\" height=\"178\" srcset=\"http:\/\/www.la-saliere.com\/zest\/wp-content\/uploads\/2008\/05\/Velout\u00e9_Brocoli_Chevre-300x178.jpg 300w, http:\/\/www.la-saliere.com\/zest\/wp-content\/uploads\/2008\/05\/Velout\u00e9_Brocoli_Chevre.jpg 400w\" sizes=\"auto, (max-width: 300px) 100vw, 300px\" \/><\/a><p id=\"caption-attachment-223\" class=\"wp-caption-text\">Velout\u00e9 au brocoli et au ch\u00e8vre<\/p><\/div>\n<p align=\"left\">En attendant ce fut un velout\u00e9 qui\u00a0 a fait les d\u00e9lices de mes enfants et de mes h\u00f4tes.<\/p>\n<p align=\"left\">Pour ma recette j&rsquo;ai utilis\u00e9 une sorte de pesto de persil bio, que j&rsquo;ach\u00e8te par correspondance en Allemagne. Dans la version que je donne ici, je l&rsquo;ai remplac\u00e9 par du pesto.<\/p>\n","protected":false},"excerpt":{"rendered":"<p>Dans la qu\u00eate incessante de recettes bonnes et \u00e9quilibr\u00e9es, j&rsquo;ai trouv\u00e9 cette de recette de soupe au brocoli et au ch\u00e8vre sur le web, que j&rsquo;ai bien s\u00fbr adapt\u00e9 \u00e0 ma fa\u00e7on. C&rsquo;est aussi une bonne recette pour faire manger des l\u00e9gumes aux enfants. C&rsquo;est un velout\u00e9 chaud, mais avec les beaux jours qui reviennent, &hellip; <\/p>\n<p><a class=\"more-link btn\" href=\"http:\/\/www.la-saliere.com\/zest\/2008\/veloute-de-brocoli-au-chevre-frais\/\">Lire la suite<\/a><\/p>\n","protected":false},"author":3,"featured_media":0,"comment_status":"open","ping_status":"open","sticky":false,"template":"","format":"standard","meta":{"wprm-recipe-roundup-name":"","wprm-recipe-roundup-description":"","footnotes":""},"categories":[16,17],"tags":[31,177],"class_list":["post-46","post","type-post","status-publish","format-standard","hentry","category-soupes","category-veloutes","tag-brocoli","tag-chevre-frais","item-wrap"],"_links":{"self":[{"href":"http:\/\/www.la-saliere.com\/zest\/wp-json\/wp\/v2\/posts\/46","targetHints":{"allow":["GET"]}}],"collection":[{"href":"http:\/\/www.la-saliere.com\/zest\/wp-json\/wp\/v2\/posts"}],"about":[{"href":"http:\/\/www.la-saliere.com\/zest\/wp-json\/wp\/v2\/types\/post"}],"author":[{"embeddable":true,"href":"http:\/\/www.la-saliere.com\/zest\/wp-json\/wp\/v2\/users\/3"}],"replies":[{"embeddable":true,"href":"http:\/\/www.la-saliere.com\/zest\/wp-json\/wp\/v2\/comments?post=46"}],"version-history":[{"count":4,"href":"http:\/\/www.la-saliere.com\/zest\/wp-json\/wp\/v2\/posts\/46\/revisions"}],"predecessor-version":[{"id":305,"href":"http:\/\/www.la-saliere.com\/zest\/wp-json\/wp\/v2\/posts\/46\/revisions\/305"}],"wp:attachment":[{"href":"http:\/\/www.la-saliere.com\/zest\/wp-json\/wp\/v2\/media?parent=46"}],"wp:term":[{"taxonomy":"category","embeddable":true,"href":"http:\/\/www.la-saliere.com\/zest\/wp-json\/wp\/v2\/categories?post=46"},{"taxonomy":"post_tag","embeddable":true,"href":"http:\/\/www.la-saliere.com\/zest\/wp-json\/wp\/v2\/tags?post=46"}],"curies":[{"name":"wp","href":"https:\/\/api.w.org\/{rel}","templated":true}]}}