{"id":23,"date":"2008-03-17T17:09:00","date_gmt":"2008-03-17T16:09:00","guid":{"rendered":"http:\/\/www.la-saliere.com\/blog\/?p=23"},"modified":"2012-08-03T14:54:24","modified_gmt":"2012-08-03T12:54:24","slug":"mon-chef-bien-aime","status":"publish","type":"post","link":"https:\/\/www.la-saliere.com\/zest\/2008\/mon-chef-bien-aime\/","title":{"rendered":"Mon chef bien aim\u00e9!"},"content":{"rendered":"<p>Houlala!! 15 jours sans \u00e9crire!! J&rsquo;ai honte! Mais j&rsquo;ai une bonne excuse. Si si! L&rsquo;\u00e9mission de \u00ab\u00a0Mon chef bien aim\u00e9\u00a0\u00bb avec Eric Leautey est venu tourner \u00e0 la maison. Donc entre les contacts, la pr\u00e9paration, les courses et tout et tout, puis du s\u00e9jour de l&rsquo;\u00e9quipe la semaine derni\u00e8re pour le tournage, je n&rsquo;ai pas eu trop de temps pour vous communiquer de nouvelles recettes. La diffusion des quatre \u00e9missions est pr\u00e9vue \u00e0 la mi-avril, mais d\u00e8s que j&rsquo;aurais une date plus s\u00fbre, je l&rsquo;indiquerai ici. Je suis impatiente de vous communiquer les recettes qu&rsquo;Eric Leautey m&rsquo;a concoct\u00e9, mais il faudra attendre la diffusion pour les avoir! Mais sachez d\u00e9j\u00e0 que c&rsquo;est \u00e0 base de produits typiquement savoyards.<\/p>\n<p><a href=\"http:\/\/www.cuisine.tv\/\">Cuisine TV <\/a> pour plus d&rsquo;info sur cette \u00e9mission.<\/p>\n","protected":false},"excerpt":{"rendered":"<p>Houlala!! 15 jours sans \u00e9crire!! J&rsquo;ai honte! Mais j&rsquo;ai une bonne excuse. Si si! L&rsquo;\u00e9mission de \u00ab\u00a0Mon chef bien aim\u00e9\u00a0\u00bb avec Eric Leautey est venu tourner \u00e0 la maison. Donc entre les contacts, la pr\u00e9paration, les courses et tout et tout, puis du s\u00e9jour de l&rsquo;\u00e9quipe la semaine derni\u00e8re pour le tournage, je n&rsquo;ai pas &hellip; <\/p>\n<p><a class=\"more-link btn\" href=\"https:\/\/www.la-saliere.com\/zest\/2008\/mon-chef-bien-aime\/\">Lire la suite<\/a><\/p>\n","protected":false},"author":3,"featured_media":0,"comment_status":"open","ping_status":"open","sticky":false,"template":"","format":"standard","meta":{"wprm-recipe-roundup-name":"","wprm-recipe-roundup-description":"","footnotes":""},"categories":[176],"tags":[],"class_list":["post-23","post","type-post","status-publish","format-standard","hentry","category-on-en-parle","item-wrap"],"_links":{"self":[{"href":"https:\/\/www.la-saliere.com\/zest\/wp-json\/wp\/v2\/posts\/23","targetHints":{"allow":["GET"]}}],"collection":[{"href":"https:\/\/www.la-saliere.com\/zest\/wp-json\/wp\/v2\/posts"}],"about":[{"href":"https:\/\/www.la-saliere.com\/zest\/wp-json\/wp\/v2\/types\/post"}],"author":[{"embeddable":true,"href":"https:\/\/www.la-saliere.com\/zest\/wp-json\/wp\/v2\/users\/3"}],"replies":[{"embeddable":true,"href":"https:\/\/www.la-saliere.com\/zest\/wp-json\/wp\/v2\/comments?post=23"}],"version-history":[{"count":1,"href":"https:\/\/www.la-saliere.com\/zest\/wp-json\/wp\/v2\/posts\/23\/revisions"}],"predecessor-version":[{"id":294,"href":"https:\/\/www.la-saliere.com\/zest\/wp-json\/wp\/v2\/posts\/23\/revisions\/294"}],"wp:attachment":[{"href":"https:\/\/www.la-saliere.com\/zest\/wp-json\/wp\/v2\/media?parent=23"}],"wp:term":[{"taxonomy":"category","embeddable":true,"href":"https:\/\/www.la-saliere.com\/zest\/wp-json\/wp\/v2\/categories?post=23"},{"taxonomy":"post_tag","embeddable":true,"href":"https:\/\/www.la-saliere.com\/zest\/wp-json\/wp\/v2\/tags?post=23"}],"curies":[{"name":"wp","href":"https:\/\/api.w.org\/{rel}","templated":true}]}}