{"id":406,"date":"2013-08-10T12:19:27","date_gmt":"2013-08-10T10:19:27","guid":{"rendered":"http:\/\/www.la-saliere.com\/zest\/?p=406"},"modified":"2013-08-10T12:26:01","modified_gmt":"2013-08-10T10:26:01","slug":"menu-de-la-semaine-10-aout","status":"publish","type":"post","link":"https:\/\/www.la-saliere.com\/zest\/2013\/menu-de-la-semaine-10-aout\/","title":{"rendered":"Menu de la semaine du 10 au 14 ao\u00fbt"},"content":{"rendered":"<p>Je n&rsquo;ai pas encore eu le temps de mettre \u00e0 jour les recettes et les photos. M\u00eame si je n&rsquo;ai rien mis en ligne depuis un moment, je continue de faire des nouvelles recettes et des les photographier. Pour l&rsquo;instant, \u00e0 la demande d&rsquo;amies en manque d&rsquo;inspiration, voici le menu des repas que j&rsquo;ai pr\u00e9vu du 10 au 14 ao\u00fbt:<\/p>\n<ul>\n<li>samedi midi: salade de concombre sauce moutarde et herbes du jardin, d\u00e9lices de Beaufort po\u00eal\u00e9s<\/li>\n<li>samedi soir: avocat et crevettes sauce cocktail, saumon marin\u00e9 au herbes \u00e0 la plancha, salade de courgettes r\u00e2p\u00e9es \u00e0 la f\u00eata<\/li>\n<li>dimanche midi: salade de concombre sauce moutarde et herbes du jardin, quiche au oignon et au thon<\/li>\n<li>dimanche soir: melon et jambon de parme, effiloch\u00e9e de porc \u00e0 l&rsquo;am\u00e9ricaine et aubergines fondantes, couscous, panna cotta \u00e0 la f\u00e8ve Tonka et coulis de fraises.<\/li>\n<li>lundi soir: Bruchelle aux tomates du jardin et burrata (fleur de sel et huile de Nyons), quenelles de volailles &amp; quenelles ricotta \u00e9pinard sauce aux fromages (vieux Lille) et moutarde de noix, riz aux c\u00e9r\u00e9ales<\/li>\n<li>mardi midi: salade de betteraves au noix et roquefort, hot-dog maison, chips<\/li>\n<li>mardi soir: ravioles de romans nature, effiloch\u00e9e de porc \u00e0 l&rsquo;am\u00e9ricaine et aubergines fondantes, couscous<\/li>\n<li>mercredi midi pique-nique au bord de l&rsquo;eau: wraps \u00e0 l&rsquo;avocat et crevettes, salade de tomates<\/li>\n<\/ul>\n<p>Quand je n&rsquo;indique pas de dessert, c&rsquo;est fromage et\/ou yaourt, fruit de saison. En ce moment nous avons ramen\u00e9 des abricots Bergeron de la Dr\u00f4me, des p\u00eaches blanches et plates, ainsi que de la past\u00e8que. Parfois, les jours chaud, pour changer un peu, je mixe les fruits avec des gla\u00e7ons.<\/p>\n<p>&nbsp;<\/p>\n","protected":false},"excerpt":{"rendered":"<p>Je n&rsquo;ai pas encore eu le temps de mettre \u00e0 jour les recettes et les photos. M\u00eame si je n&rsquo;ai rien mis en ligne depuis un moment, je continue de faire des nouvelles recettes et des les photographier. Pour l&rsquo;instant, \u00e0 la demande d&rsquo;amies en manque d&rsquo;inspiration, voici le menu des repas que j&rsquo;ai pr\u00e9vu &hellip; <\/p>\n<p><a class=\"more-link btn\" href=\"https:\/\/www.la-saliere.com\/zest\/2013\/menu-de-la-semaine-10-aout\/\">Lire la suite<\/a><\/p>\n","protected":false},"author":3,"featured_media":0,"comment_status":"open","ping_status":"open","sticky":false,"template":"","format":"standard","meta":{"wprm-recipe-roundup-name":"","wprm-recipe-roundup-description":"","footnotes":""},"categories":[180],"tags":[168,183,26,181,63,131,182,169],"class_list":["post-406","post","type-post","status-publish","format-standard","hentry","category-menu","tag-aubergine","tag-avocat","tag-beaufort","tag-concombre","tag-crevette","tag-porc","tag-saumon","tag-tomate","item-wrap"],"_links":{"self":[{"href":"https:\/\/www.la-saliere.com\/zest\/wp-json\/wp\/v2\/posts\/406","targetHints":{"allow":["GET"]}}],"collection":[{"href":"https:\/\/www.la-saliere.com\/zest\/wp-json\/wp\/v2\/posts"}],"about":[{"href":"https:\/\/www.la-saliere.com\/zest\/wp-json\/wp\/v2\/types\/post"}],"author":[{"embeddable":true,"href":"https:\/\/www.la-saliere.com\/zest\/wp-json\/wp\/v2\/users\/3"}],"replies":[{"embeddable":true,"href":"https:\/\/www.la-saliere.com\/zest\/wp-json\/wp\/v2\/comments?post=406"}],"version-history":[{"count":7,"href":"https:\/\/www.la-saliere.com\/zest\/wp-json\/wp\/v2\/posts\/406\/revisions"}],"predecessor-version":[{"id":414,"href":"https:\/\/www.la-saliere.com\/zest\/wp-json\/wp\/v2\/posts\/406\/revisions\/414"}],"wp:attachment":[{"href":"https:\/\/www.la-saliere.com\/zest\/wp-json\/wp\/v2\/media?parent=406"}],"wp:term":[{"taxonomy":"category","embeddable":true,"href":"https:\/\/www.la-saliere.com\/zest\/wp-json\/wp\/v2\/categories?post=406"},{"taxonomy":"post_tag","embeddable":true,"href":"https:\/\/www.la-saliere.com\/zest\/wp-json\/wp\/v2\/tags?post=406"}],"curies":[{"name":"wp","href":"https:\/\/api.w.org\/{rel}","templated":true}]}}