{"id":418,"date":"2013-11-03T12:00:27","date_gmt":"2013-11-03T11:00:27","guid":{"rendered":"http:\/\/www.la-saliere.com\/zest\/?p=418"},"modified":"2013-11-03T12:00:27","modified_gmt":"2013-11-03T11:00:27","slug":"menu-de-saison-2-au-8-novembre","status":"publish","type":"post","link":"https:\/\/www.la-saliere.com\/zest\/2013\/menu-de-saison-2-au-8-novembre\/","title":{"rendered":"Menu de saison: semaine 2 au 8 novembre"},"content":{"rendered":"<p>Encore quelques id\u00e9es de menu de saison. Je vais essayer cette semaine de prendre quelques photos et de mettre quelques recettes aussi en ligne. On verra bien, si j&rsquo;y arrive \ud83d\ude42 Mes copines en manque d&rsquo;inspiration, attendent impatiemment la suite :p Donc pour vous mesdames, voici le menu des repas que j&rsquo;ai pr\u00e9vu du 2 au 8 novembre, en esp\u00e9rant que cela vous donnera des id\u00e9es.<\/p>\n<ul>\n<li>samedi midi: c\u00e9leri r\u00e9moulade maison, hot-dog, salade de m\u00e2che, cl\u00e9mentines.<\/li>\n<li>samedi soir: bricks au vert de blette et au ch\u00e8vre frais, coeur de rumsteack en pierrade, gratin de blanc de blette.<\/li>\n<li>dimanche midi: focaccia aux tomates, saut\u00e9 de St-Jacques et crevettes aux chanterelles grises, salade de betteraves poires et feta, t\u00eate de choco maison.<\/li>\n<li>dimanche soir: Feuillet\u00e9 aux chanterelles grises et \u00e9chalotes, gnocchis gratin\u00e9s au gorgonzola, salade de m\u00e2che, crumble aux pommes.<\/li>\n<li>lundi soir: betteraves confites en cro\u00fbte de sel, poitrine de porc confite, douceur d&rsquo;aubergines et couscous.<\/li>\n<li>mardi soir: g\u00e2teau de courgettes et poireaux, saumon marin\u00e9 en papillotes, riz et carottes fondantes, carpaccio de cl\u00e9mentines.<\/li>\n<li>mercredi soir: bouquet de choux-fleur cru, gigot de 7 heures et ses l\u00e9gumes confit (carotte, betterave, courge et pommes de terre).<\/li>\n<li>jeudi soir: velout\u00e9 de courge,lasagne aux courgettes et gigot d&rsquo;agneau, tapioca au lait de coco chaud.<\/li>\n<li>vendredi soir: soupe \u00e0 l&rsquo;oignon, gratin de ravioles de Royans, ananas aux \u00e9pices.<\/li>\n<\/ul>\n<p>Quand je n&rsquo;indique pas de dessert, c&rsquo;est fromage et\/ou yaourt, fruit de saison.<\/p>\n<p>C&rsquo;est la p\u00e9riode des pommes et des poires ainsi que des cl\u00e9mentines et on en profite bien. Malgr\u00e9 tout on essaye de limiter les quantit\u00e9s de fruits le soir, car la vitamine C a tendance \u00e0 les emp\u00eacher de dormir s&rsquo;ils en prennent trop!<\/p>\n<p>Je rajouterai au fur et \u00e0 mesure, les recettes et les photos. Patience&#8230;. \ud83d\ude09<\/p>\n<p>&nbsp;<\/p>\n","protected":false},"excerpt":{"rendered":"<p>Encore quelques id\u00e9es de menu de saison. Je vais essayer cette semaine de prendre quelques photos et de mettre quelques recettes aussi en ligne. On verra bien, si j&rsquo;y arrive \ud83d\ude42 Mes copines en manque d&rsquo;inspiration, attendent impatiemment la suite :p Donc pour vous mesdames, voici le menu des repas que j&rsquo;ai pr\u00e9vu du 2 &hellip; <\/p>\n<p><a class=\"more-link btn\" href=\"https:\/\/www.la-saliere.com\/zest\/2013\/menu-de-saison-2-au-8-novembre\/\">Lire la suite<\/a><\/p>\n","protected":false},"author":3,"featured_media":0,"comment_status":"open","ping_status":"open","sticky":false,"template":"","format":"standard","meta":{"wprm-recipe-roundup-name":"","wprm-recipe-roundup-description":"","footnotes":""},"categories":[180],"tags":[],"class_list":["post-418","post","type-post","status-publish","format-standard","hentry","category-menu","item-wrap"],"_links":{"self":[{"href":"https:\/\/www.la-saliere.com\/zest\/wp-json\/wp\/v2\/posts\/418","targetHints":{"allow":["GET"]}}],"collection":[{"href":"https:\/\/www.la-saliere.com\/zest\/wp-json\/wp\/v2\/posts"}],"about":[{"href":"https:\/\/www.la-saliere.com\/zest\/wp-json\/wp\/v2\/types\/post"}],"author":[{"embeddable":true,"href":"https:\/\/www.la-saliere.com\/zest\/wp-json\/wp\/v2\/users\/3"}],"replies":[{"embeddable":true,"href":"https:\/\/www.la-saliere.com\/zest\/wp-json\/wp\/v2\/comments?post=418"}],"version-history":[{"count":12,"href":"https:\/\/www.la-saliere.com\/zest\/wp-json\/wp\/v2\/posts\/418\/revisions"}],"predecessor-version":[{"id":430,"href":"https:\/\/www.la-saliere.com\/zest\/wp-json\/wp\/v2\/posts\/418\/revisions\/430"}],"wp:attachment":[{"href":"https:\/\/www.la-saliere.com\/zest\/wp-json\/wp\/v2\/media?parent=418"}],"wp:term":[{"taxonomy":"category","embeddable":true,"href":"https:\/\/www.la-saliere.com\/zest\/wp-json\/wp\/v2\/categories?post=418"},{"taxonomy":"post_tag","embeddable":true,"href":"https:\/\/www.la-saliere.com\/zest\/wp-json\/wp\/v2\/tags?post=418"}],"curies":[{"name":"wp","href":"https:\/\/api.w.org\/{rel}","templated":true}]}}