{"id":60,"date":"2008-10-09T08:36:01","date_gmt":"2008-10-09T07:36:01","guid":{"rendered":"http:\/\/www.la-saliere.com\/blog\/2008\/entrees\/mariage-dentrees\/"},"modified":"2012-05-19T08:25:27","modified_gmt":"2012-05-19T06:25:27","slug":"mariage-dentrees","status":"publish","type":"post","link":"https:\/\/www.la-saliere.com\/zest\/2008\/mariage-dentrees\/","title":{"rendered":"Mariage d\u2019entr\u00e9es\u2026"},"content":{"rendered":"<p>Hier soir, j&rsquo;ai mari\u00e9 le moelleux aux f\u00e8ves avec mon traditionnel Matafan souffl\u00e9 aux fromages de Savoie.<\/p>\n<div id=\"attachment_191\" style=\"width: 300px\" class=\"wp-caption aligncenter\"><a href=\"http:\/\/la-saliere.com\/zest\/wp-content\/uploads\/2008\/10\/matafan-moelleux11.jpg\"><img loading=\"lazy\" decoding=\"async\" aria-describedby=\"caption-attachment-191\" class=\"size-medium wp-image-191\" title=\"matafan-moelleux1\" src=\"http:\/\/la-saliere.com\/zest\/wp-content\/uploads\/2008\/10\/matafan-moelleux11-300x224.jpg\" alt=\"matafan moelleux\" width=\"300\" height=\"224\" srcset=\"https:\/\/www.la-saliere.com\/zest\/wp-content\/uploads\/2008\/10\/matafan-moelleux11-300x224.jpg 300w, https:\/\/www.la-saliere.com\/zest\/wp-content\/uploads\/2008\/10\/matafan-moelleux11.jpg 448w\" sizes=\"auto, (max-width: 300px) 100vw, 300px\" \/><\/a><p id=\"caption-attachment-191\" class=\"wp-caption-text\">Matafan et moelleux aux f\u00e8ves<\/p><\/div>\n<p align=\"left\">Si j&rsquo;ai un peu de temps en fin d&rsquo;apr\u00e8s midi je mettrais ma recette de Matafan.<\/p>\n","protected":false},"excerpt":{"rendered":"<p>Hier soir, j&rsquo;ai mari\u00e9 le moelleux aux f\u00e8ves avec mon traditionnel Matafan souffl\u00e9 aux fromages de Savoie. Si j&rsquo;ai un peu de temps en fin d&rsquo;apr\u00e8s midi je mettrais ma recette de Matafan.<\/p>\n","protected":false},"author":3,"featured_media":0,"comment_status":"open","ping_status":"open","sticky":false,"template":"","format":"standard","meta":{"wprm-recipe-roundup-name":"","wprm-recipe-roundup-description":"","footnotes":""},"categories":[7],"tags":[],"class_list":["post-60","post","type-post","status-publish","format-standard","hentry","category-entrees","item-wrap"],"_links":{"self":[{"href":"https:\/\/www.la-saliere.com\/zest\/wp-json\/wp\/v2\/posts\/60","targetHints":{"allow":["GET"]}}],"collection":[{"href":"https:\/\/www.la-saliere.com\/zest\/wp-json\/wp\/v2\/posts"}],"about":[{"href":"https:\/\/www.la-saliere.com\/zest\/wp-json\/wp\/v2\/types\/post"}],"author":[{"embeddable":true,"href":"https:\/\/www.la-saliere.com\/zest\/wp-json\/wp\/v2\/users\/3"}],"replies":[{"embeddable":true,"href":"https:\/\/www.la-saliere.com\/zest\/wp-json\/wp\/v2\/comments?post=60"}],"version-history":[{"count":2,"href":"https:\/\/www.la-saliere.com\/zest\/wp-json\/wp\/v2\/posts\/60\/revisions"}],"predecessor-version":[{"id":193,"href":"https:\/\/www.la-saliere.com\/zest\/wp-json\/wp\/v2\/posts\/60\/revisions\/193"}],"wp:attachment":[{"href":"https:\/\/www.la-saliere.com\/zest\/wp-json\/wp\/v2\/media?parent=60"}],"wp:term":[{"taxonomy":"category","embeddable":true,"href":"https:\/\/www.la-saliere.com\/zest\/wp-json\/wp\/v2\/categories?post=60"},{"taxonomy":"post_tag","embeddable":true,"href":"https:\/\/www.la-saliere.com\/zest\/wp-json\/wp\/v2\/tags?post=60"}],"curies":[{"name":"wp","href":"https:\/\/api.w.org\/{rel}","templated":true}]}}